{"id":24419,"date":"2025-08-08T18:55:35","date_gmt":"2025-08-08T16:55:35","guid":{"rendered":"https:\/\/leblogaroger.eu\/?p=24419"},"modified":"2025-08-08T19:13:11","modified_gmt":"2025-08-08T17:13:11","slug":"chateau-de-laubade-2001-90","status":"publish","type":"post","link":"https:\/\/leblogaroger.eu\/index.php\/2025\/08\/08\/chateau-de-laubade-2001-90\/","title":{"rendered":"Ch\u00e2teau de Laubade 2001 #90"},"content":{"rendered":"\n<p class=\"has-drop-cap wp-block-paragraph\">Le <a href=\"https:\/\/www.chateaudelaubade.com\/\" target=\"_blank\" rel=\"noreferrer noopener\">Ch\u00e2teau de Laubade<\/a>, situ\u00e9 \u00e0 Sorbets dans le Gers, est un domaine viticole de 105 hectares fond\u00e9 en 1870 et appartenant \u00e0 la famille <strong>Lesgourgues <\/strong>depuis trois g\u00e9n\u00e9rations. Dirig\u00e9 aujourd\u2019hui par Denis Lesgourgues avec sa s\u0153ur Jeanne et son fr\u00e8re Arnaud, le domaine produit des armagnacs alliant tradition artisanale, innovation et engagement \u00e9coresponsable.<\/p>\n\n\n\n<p class=\"wp-block-paragraph\">Pr\u00e9sent dans plus de 50 pays, le ch\u00e2teau, riche de plus de 150 ans d\u2019histoire, a re\u00e7u en 2015 le label d\u2019\u00c9tat Entreprise du Patrimoine Vivant et d\u00e9tient la certification ISO 9001 depuis 2008. <\/p>\n\n\n\n<p class=\"wp-block-paragraph\">Chaque ann\u00e9e, environ 200 f\u00fbts sont remplis d\u2019eaux-de-vie issues de six c\u00e9pages diff\u00e9rents : les quatre classiques (Baco, Ugni Blanc, Folle Blanche et Colombard) ainsi que deux vari\u00e9t\u00e9s beaucoup plus rares : <strong>Plant de Graisse<\/strong> et <strong>Meslier Saint Fran\u00e7ois<\/strong>.<\/p>\n\n\n\n<p class=\"wp-block-paragraph\">La distillation est r\u00e9alis\u00e9e sur leur propre alambic armagnacais <em>(fourni par SOFAC \u00e0 Condom)<\/em>, et le vieillissement se fait dans 9 chais diff\u00e9rents, chacun pr\u00e9sentant un niveau d\u2019humidit\u00e9 distinct (allant de tr\u00e8s humide \u00e0 sec, en passant par semi-humide et semi-sec).<\/p>\n\n\n\n<p class=\"wp-block-paragraph\">Pour ma part, ce domaine m\u2019est encore totalement inconnu. Il me sera donc, encore une fois, pr\u00e9sent\u00e9  par nos amis de <a href=\"https:\/\/www.grapeoftheart.com\/\" target=\"_blank\" rel=\"noreferrer noopener\">Grape of The Art<\/a>, avec une s\u00e9lection \u00e2g\u00e9e de 23 ans. Le choix de cette s\u00e9lection n\u2019a pas \u00e9t\u00e9 de tout repos : les d\u00e9gustations ont donn\u00e9 lieu \u00e0 des avis partag\u00e9s, jusqu\u2019\u00e0 ce que l\u2019\u00e9quipe s\u2019accorde finalement sur ce f\u00fbt qui a su mettre tout le monde d\u2019accord.<\/p>\n\n\n\n<p class=\"wp-block-paragraph\">S\u00e9lectionner un spiritueux en solo n\u2019est d\u00e9j\u00e0 pas toujours une mince affaire\u2026 alors \u00e0 plusieurs, avec les pr\u00e9f\u00e9rences et affinit\u00e9s de chacun, on imagine ais\u00e9ment la complexit\u00e9 de l\u2019exercice.<\/p>\n\n\n\n<p class=\"wp-block-paragraph\">Bref, on y va ?<\/p>\n\n\n\n<div class=\"wp-block-cover\" style=\"min-height:335px;aspect-ratio:unset;\"><img loading=\"lazy\" decoding=\"async\" width=\"720\" height=\"720\" class=\"wp-block-cover__image-background wp-image-24422 size-full\" alt=\"\" src=\"https:\/\/leblogaroger.eu\/wp-content\/uploads\/2025\/08\/visite03.jpg\" style=\"object-position:52% 62%\" data-object-fit=\"cover\" data-object-position=\"52% 62%\" srcset=\"https:\/\/leblogaroger.eu\/wp-content\/uploads\/2025\/08\/visite03.jpg 720w, https:\/\/leblogaroger.eu\/wp-content\/uploads\/2025\/08\/visite03-595x595.jpg 595w\" sizes=\"auto, (max-width: 720px) 100vw, 720px\" \/><span aria-hidden=\"true\" class=\"wp-block-cover__background has-background-dim\" style=\"background-color:#77746e\"><\/span><div class=\"wp-block-cover__inner-container is-layout-constrained wp-block-cover-is-layout-constrained\">\n<p class=\"has-text-align-center has-large-font-size wp-block-paragraph\"><\/p>\n<\/div><\/div>\n\n\n\n<p class=\"wp-block-paragraph\">Armagnac Laubade mill\u00e9sime 2001, distill\u00e9 par <strong>Eric Artiguelongue<\/strong> dans un alambic armagnacais \u00e0 partir de c\u00e9page <strong>Baco<\/strong>. Vieilli 23 ans en chai semi-humide, mis en bouteille en avril 2025 \u00e0 <strong>50,7<\/strong> % d&rsquo;alcool, provenant du f\u00fbt n\u00b090, \u00e9dition limit\u00e9e \u00e0 251 bouteilles. Bas Armagnac<\/p>\n\n\n\n<h2 class=\"wp-block-heading\">Nez<\/h2>\n\n\n\n<p class=\"wp-block-paragraph\">Relativement frais, on va y retrouver pas mal de fruits \u00e0 chaire jaune, de fruits confits, d&rsquo;un fin bois\u00e9, de quelques notes de r\u00e9glisse, de vanille et quelques \u00e9pices.<\/p>\n\n\n\n<p class=\"wp-block-paragraph\">Un nez relativement \u00ab\u00a0sec\u00a0\u00bb qui pourrait rappeller par certains aspects un rhum agricole, j&rsquo;ai en t\u00eate Dillon auquel cet armargnac emprunte quelques notes fruit\u00e9es, agrumes sur un bois\u00e9 \u00e9l\u00e9gant agr\u00e9ment\u00e9 d&rsquo;un d\u00e9licat caramel et de belles notes de chocolat au lait.<\/p>\n\n\n\n<p class=\"wp-block-paragraph\">Bref, pour le moment c&rsquo;est plus que tr\u00e8s bien \ud83d\ude42<\/p>\n\n\n\n<h2 class=\"wp-block-heading\">Bouche<\/h2>\n\n\n\n<p class=\"wp-block-paragraph\">Entr\u00e9e en bouche fraiche avec un alcool tr\u00e8s bien int\u00e9gr\u00e9, on retrouve nos fruits \u00e0 chaire jaune, des beaux agrumes juteux, quelques fruits confits comme les pruneaux ou abricots. Le tout accompagn\u00e9 d&rsquo;un fin caramel, de quelques notes plus bois\u00e9es avec son chocolat au lait, sa r\u00e9glisse, le tabac, muscade, de la cire et l\u00e9ger poivre rouge.<\/p>\n\n\n\n<p class=\"wp-block-paragraph\">La finale, relativement longue nous propose quelques fruits confits encore, enrob\u00e9 de chocolat l\u00e9g\u00e8rement plus am\u00e8res et d&rsquo;un beau fum\u00e9, fin et d\u00e9licat&#8230;<\/p>\n\n\n\n<h2 class=\"wp-block-heading\">Prix<\/h2>\n\n\n\n<p class=\"wp-block-paragraph\">137\u20ac<\/p>\n\n\n\n<h2 class=\"wp-block-heading\">Conclusion<\/h2>\n\n\n\n<p class=\"wp-block-paragraph\">Tr\u00e8s belle d\u00e9couverte que cet armagnac de chez Laubade, tr\u00e8s frais avec un beau fruit\u00e9 et un bois\u00e9 tr\u00e8s bien maitris\u00e9. On \u00e9vite l&rsquo;armagnac trop gourmand,ce qui est tr\u00e8s bon aussi, juste, \u00e7a change un peu et j&rsquo;aime \u00e7a \ud83d\ude42<\/p>\n\n\n\n<h2 class=\"wp-block-heading\">Score<\/h2>\n\n\n\n<p class=\"wp-block-paragraph\">90\/100<\/p>\n","protected":false},"excerpt":{"rendered":"<p>Le Ch\u00e2teau de Laubade, situ\u00e9 \u00e0 Sorbets dans le Gers, est un domaine viticole de 105 hectares fond\u00e9 en 1870 et appartenant \u00e0 la famille Lesgourgues depuis trois g\u00e9n\u00e9rations. Dirig\u00e9 aujourd\u2019hui par Denis Lesgourgues avec sa s\u0153ur Jeanne et son fr\u00e8re Arnaud, le domaine produit des armagnacs alliant tradition artisanale, <a href=\"https:\/\/leblogaroger.eu\/index.php\/2025\/08\/08\/chateau-de-laubade-2001-90\/\" class=\"btn btn-link continue-link\">Voir plus&#8230;<\/a><\/p>\n","protected":false},"author":1,"featured_media":24420,"comment_status":"open","ping_status":"closed","sticky":false,"template":"","format":"standard","meta":{"_crdt_document":"","footnotes":""},"categories":[91],"tags":[],"class_list":["post-24419","post","type-post","status-publish","format-standard","has-post-thumbnail","hentry","category-armagnac"],"yoast_head":"<!-- This site is optimized with the Yoast SEO plugin v27.4 - https:\/\/yoast.com\/product\/yoast-seo-wordpress\/ -->\n<title>Ch\u00e2teau de Laubade 2001 #90 -<\/title>\n<meta name=\"robots\" content=\"index, follow, max-snippet:-1, max-image-preview:large, max-video-preview:-1\" \/>\n<link rel=\"canonical\" href=\"https:\/\/leblogaroger.eu\/index.php\/2025\/08\/08\/chateau-de-laubade-2001-90\/\" \/>\n<meta property=\"og:locale\" content=\"fr_FR\" \/>\n<meta property=\"og:type\" content=\"article\" \/>\n<meta property=\"og:title\" content=\"Ch\u00e2teau de Laubade 2001 #90 -\" \/>\n<meta property=\"og:description\" content=\"Le Ch\u00e2teau de Laubade, situ\u00e9 \u00e0 Sorbets dans le Gers, est un domaine viticole de 105 hectares fond\u00e9 en 1870 et appartenant \u00e0 la famille Lesgourgues depuis trois g\u00e9n\u00e9rations. Dirig\u00e9 aujourd\u2019hui par Denis Lesgourgues avec sa s\u0153ur Jeanne et son fr\u00e8re Arnaud, le domaine produit des armagnacs alliant tradition artisanale, Voir plus...\" \/>\n<meta property=\"og:url\" content=\"https:\/\/leblogaroger.eu\/index.php\/2025\/08\/08\/chateau-de-laubade-2001-90\/\" \/>\n<meta property=\"article:publisher\" content=\"https:\/\/www.facebook.com\/leblogaroger\/\" \/>\n<meta property=\"article:author\" content=\"https:\/\/www.facebook.com\/leblogaroger\" \/>\n<meta property=\"article:published_time\" content=\"2025-08-08T16:55:35+00:00\" \/>\n<meta property=\"article:modified_time\" content=\"2025-08-08T17:13:11+00:00\" \/>\n<meta property=\"og:image\" content=\"https:\/\/leblogaroger.eu\/wp-content\/uploads\/2025\/08\/laubade2001.png\" \/>\n\t<meta property=\"og:image:width\" content=\"1020\" \/>\n\t<meta property=\"og:image:height\" content=\"600\" \/>\n\t<meta property=\"og:image:type\" content=\"image\/png\" \/>\n<meta name=\"author\" content=\"Roger\" \/>\n<meta name=\"twitter:card\" content=\"summary_large_image\" \/>\n<meta name=\"twitter:label1\" content=\"\u00c9crit par\" \/>\n\t<meta name=\"twitter:data1\" content=\"Roger\" \/>\n\t<meta name=\"twitter:label2\" content=\"Dur\u00e9e de lecture estim\u00e9e\" \/>\n\t<meta name=\"twitter:data2\" content=\"4 minutes\" \/>\n<script type=\"application\/ld+json\" class=\"yoast-schema-graph\">{\"@context\":\"https:\\\/\\\/schema.org\",\"@graph\":[{\"@type\":\"Article\",\"@id\":\"https:\\\/\\\/leblogaroger.eu\\\/index.php\\\/2025\\\/08\\\/08\\\/chateau-de-laubade-2001-90\\\/#article\",\"isPartOf\":{\"@id\":\"https:\\\/\\\/leblogaroger.eu\\\/index.php\\\/2025\\\/08\\\/08\\\/chateau-de-laubade-2001-90\\\/\"},\"author\":{\"name\":\"Roger\",\"@id\":\"https:\\\/\\\/leblogaroger.eu\\\/#\\\/schema\\\/person\\\/bc869e7715118449352dfd48d4d8e59a\"},\"headline\":\"Ch\u00e2teau de Laubade 2001 #90\",\"datePublished\":\"2025-08-08T16:55:35+00:00\",\"dateModified\":\"2025-08-08T17:13:11+00:00\",\"mainEntityOfPage\":{\"@id\":\"https:\\\/\\\/leblogaroger.eu\\\/index.php\\\/2025\\\/08\\\/08\\\/chateau-de-laubade-2001-90\\\/\"},\"wordCount\":574,\"commentCount\":0,\"image\":{\"@id\":\"https:\\\/\\\/leblogaroger.eu\\\/index.php\\\/2025\\\/08\\\/08\\\/chateau-de-laubade-2001-90\\\/#primaryimage\"},\"thumbnailUrl\":\"https:\\\/\\\/leblogaroger.eu\\\/wp-content\\\/uploads\\\/2025\\\/08\\\/laubade2001.png\",\"articleSection\":[\"armagnac\"],\"inLanguage\":\"fr-FR\",\"potentialAction\":[{\"@type\":\"CommentAction\",\"name\":\"Comment\",\"target\":[\"https:\\\/\\\/leblogaroger.eu\\\/index.php\\\/2025\\\/08\\\/08\\\/chateau-de-laubade-2001-90\\\/#respond\"]}]},{\"@type\":\"WebPage\",\"@id\":\"https:\\\/\\\/leblogaroger.eu\\\/index.php\\\/2025\\\/08\\\/08\\\/chateau-de-laubade-2001-90\\\/\",\"url\":\"https:\\\/\\\/leblogaroger.eu\\\/index.php\\\/2025\\\/08\\\/08\\\/chateau-de-laubade-2001-90\\\/\",\"name\":\"Ch\u00e2teau de Laubade 2001 #90 -\",\"isPartOf\":{\"@id\":\"https:\\\/\\\/leblogaroger.eu\\\/#website\"},\"primaryImageOfPage\":{\"@id\":\"https:\\\/\\\/leblogaroger.eu\\\/index.php\\\/2025\\\/08\\\/08\\\/chateau-de-laubade-2001-90\\\/#primaryimage\"},\"image\":{\"@id\":\"https:\\\/\\\/leblogaroger.eu\\\/index.php\\\/2025\\\/08\\\/08\\\/chateau-de-laubade-2001-90\\\/#primaryimage\"},\"thumbnailUrl\":\"https:\\\/\\\/leblogaroger.eu\\\/wp-content\\\/uploads\\\/2025\\\/08\\\/laubade2001.png\",\"datePublished\":\"2025-08-08T16:55:35+00:00\",\"dateModified\":\"2025-08-08T17:13:11+00:00\",\"author\":{\"@id\":\"https:\\\/\\\/leblogaroger.eu\\\/#\\\/schema\\\/person\\\/bc869e7715118449352dfd48d4d8e59a\"},\"breadcrumb\":{\"@id\":\"https:\\\/\\\/leblogaroger.eu\\\/index.php\\\/2025\\\/08\\\/08\\\/chateau-de-laubade-2001-90\\\/#breadcrumb\"},\"inLanguage\":\"fr-FR\",\"potentialAction\":[{\"@type\":\"ReadAction\",\"target\":[\"https:\\\/\\\/leblogaroger.eu\\\/index.php\\\/2025\\\/08\\\/08\\\/chateau-de-laubade-2001-90\\\/\"]}]},{\"@type\":\"ImageObject\",\"inLanguage\":\"fr-FR\",\"@id\":\"https:\\\/\\\/leblogaroger.eu\\\/index.php\\\/2025\\\/08\\\/08\\\/chateau-de-laubade-2001-90\\\/#primaryimage\",\"url\":\"https:\\\/\\\/leblogaroger.eu\\\/wp-content\\\/uploads\\\/2025\\\/08\\\/laubade2001.png\",\"contentUrl\":\"https:\\\/\\\/leblogaroger.eu\\\/wp-content\\\/uploads\\\/2025\\\/08\\\/laubade2001.png\",\"width\":1020,\"height\":600},{\"@type\":\"BreadcrumbList\",\"@id\":\"https:\\\/\\\/leblogaroger.eu\\\/index.php\\\/2025\\\/08\\\/08\\\/chateau-de-laubade-2001-90\\\/#breadcrumb\",\"itemListElement\":[{\"@type\":\"ListItem\",\"position\":1,\"name\":\"Home\",\"item\":\"https:\\\/\\\/leblogaroger.eu\\\/\"},{\"@type\":\"ListItem\",\"position\":2,\"name\":\"Ch\u00e2teau de Laubade 2001 #90\"}]},{\"@type\":\"WebSite\",\"@id\":\"https:\\\/\\\/leblogaroger.eu\\\/#website\",\"url\":\"https:\\\/\\\/leblogaroger.eu\\\/\",\"name\":\"\",\"description\":\"Mundi placet et spiritus minima...\",\"potentialAction\":[{\"@type\":\"SearchAction\",\"target\":{\"@type\":\"EntryPoint\",\"urlTemplate\":\"https:\\\/\\\/leblogaroger.eu\\\/?s={search_term_string}\"},\"query-input\":{\"@type\":\"PropertyValueSpecification\",\"valueRequired\":true,\"valueName\":\"search_term_string\"}}],\"inLanguage\":\"fr-FR\"},{\"@type\":\"Person\",\"@id\":\"https:\\\/\\\/leblogaroger.eu\\\/#\\\/schema\\\/person\\\/bc869e7715118449352dfd48d4d8e59a\",\"name\":\"Roger\",\"image\":{\"@type\":\"ImageObject\",\"inLanguage\":\"fr-FR\",\"@id\":\"https:\\\/\\\/secure.gravatar.com\\\/avatar\\\/d8ea28e5fd25988ff8bc342a98fc2a2e1b597fa211dd6c4071e7699eaef56ddb?s=96&d=mm&r=g\",\"url\":\"https:\\\/\\\/secure.gravatar.com\\\/avatar\\\/d8ea28e5fd25988ff8bc342a98fc2a2e1b597fa211dd6c4071e7699eaef56ddb?s=96&d=mm&r=g\",\"contentUrl\":\"https:\\\/\\\/secure.gravatar.com\\\/avatar\\\/d8ea28e5fd25988ff8bc342a98fc2a2e1b597fa211dd6c4071e7699eaef56ddb?s=96&d=mm&r=g\",\"caption\":\"Roger\"},\"sameAs\":[\"http:\\\/\\\/www.leblogaroger.eu\",\"https:\\\/\\\/www.facebook.com\\\/leblogaroger\",\"https:\\\/\\\/www.instagram.com\\\/rogercaroni\\\/\"],\"url\":\"https:\\\/\\\/leblogaroger.eu\\\/index.php\\\/author\\\/admin5027\\\/\"}]}<\/script>\n<!-- \/ Yoast SEO plugin. -->","yoast_head_json":{"title":"Ch\u00e2teau de Laubade 2001 #90 -","robots":{"index":"index","follow":"follow","max-snippet":"max-snippet:-1","max-image-preview":"max-image-preview:large","max-video-preview":"max-video-preview:-1"},"canonical":"https:\/\/leblogaroger.eu\/index.php\/2025\/08\/08\/chateau-de-laubade-2001-90\/","og_locale":"fr_FR","og_type":"article","og_title":"Ch\u00e2teau de Laubade 2001 #90 -","og_description":"Le Ch\u00e2teau de Laubade, situ\u00e9 \u00e0 Sorbets dans le Gers, est un domaine viticole de 105 hectares fond\u00e9 en 1870 et appartenant \u00e0 la famille Lesgourgues depuis trois g\u00e9n\u00e9rations. Dirig\u00e9 aujourd\u2019hui par Denis Lesgourgues avec sa s\u0153ur Jeanne et son fr\u00e8re Arnaud, le domaine produit des armagnacs alliant tradition artisanale, Voir plus...","og_url":"https:\/\/leblogaroger.eu\/index.php\/2025\/08\/08\/chateau-de-laubade-2001-90\/","article_publisher":"https:\/\/www.facebook.com\/leblogaroger\/","article_author":"https:\/\/www.facebook.com\/leblogaroger","article_published_time":"2025-08-08T16:55:35+00:00","article_modified_time":"2025-08-08T17:13:11+00:00","og_image":[{"width":1020,"height":600,"url":"https:\/\/leblogaroger.eu\/wp-content\/uploads\/2025\/08\/laubade2001.png","type":"image\/png"}],"author":"Roger","twitter_card":"summary_large_image","twitter_misc":{"\u00c9crit par":"Roger","Dur\u00e9e de lecture estim\u00e9e":"4 minutes"},"schema":{"@context":"https:\/\/schema.org","@graph":[{"@type":"Article","@id":"https:\/\/leblogaroger.eu\/index.php\/2025\/08\/08\/chateau-de-laubade-2001-90\/#article","isPartOf":{"@id":"https:\/\/leblogaroger.eu\/index.php\/2025\/08\/08\/chateau-de-laubade-2001-90\/"},"author":{"name":"Roger","@id":"https:\/\/leblogaroger.eu\/#\/schema\/person\/bc869e7715118449352dfd48d4d8e59a"},"headline":"Ch\u00e2teau de Laubade 2001 #90","datePublished":"2025-08-08T16:55:35+00:00","dateModified":"2025-08-08T17:13:11+00:00","mainEntityOfPage":{"@id":"https:\/\/leblogaroger.eu\/index.php\/2025\/08\/08\/chateau-de-laubade-2001-90\/"},"wordCount":574,"commentCount":0,"image":{"@id":"https:\/\/leblogaroger.eu\/index.php\/2025\/08\/08\/chateau-de-laubade-2001-90\/#primaryimage"},"thumbnailUrl":"https:\/\/leblogaroger.eu\/wp-content\/uploads\/2025\/08\/laubade2001.png","articleSection":["armagnac"],"inLanguage":"fr-FR","potentialAction":[{"@type":"CommentAction","name":"Comment","target":["https:\/\/leblogaroger.eu\/index.php\/2025\/08\/08\/chateau-de-laubade-2001-90\/#respond"]}]},{"@type":"WebPage","@id":"https:\/\/leblogaroger.eu\/index.php\/2025\/08\/08\/chateau-de-laubade-2001-90\/","url":"https:\/\/leblogaroger.eu\/index.php\/2025\/08\/08\/chateau-de-laubade-2001-90\/","name":"Ch\u00e2teau de Laubade 2001 #90 -","isPartOf":{"@id":"https:\/\/leblogaroger.eu\/#website"},"primaryImageOfPage":{"@id":"https:\/\/leblogaroger.eu\/index.php\/2025\/08\/08\/chateau-de-laubade-2001-90\/#primaryimage"},"image":{"@id":"https:\/\/leblogaroger.eu\/index.php\/2025\/08\/08\/chateau-de-laubade-2001-90\/#primaryimage"},"thumbnailUrl":"https:\/\/leblogaroger.eu\/wp-content\/uploads\/2025\/08\/laubade2001.png","datePublished":"2025-08-08T16:55:35+00:00","dateModified":"2025-08-08T17:13:11+00:00","author":{"@id":"https:\/\/leblogaroger.eu\/#\/schema\/person\/bc869e7715118449352dfd48d4d8e59a"},"breadcrumb":{"@id":"https:\/\/leblogaroger.eu\/index.php\/2025\/08\/08\/chateau-de-laubade-2001-90\/#breadcrumb"},"inLanguage":"fr-FR","potentialAction":[{"@type":"ReadAction","target":["https:\/\/leblogaroger.eu\/index.php\/2025\/08\/08\/chateau-de-laubade-2001-90\/"]}]},{"@type":"ImageObject","inLanguage":"fr-FR","@id":"https:\/\/leblogaroger.eu\/index.php\/2025\/08\/08\/chateau-de-laubade-2001-90\/#primaryimage","url":"https:\/\/leblogaroger.eu\/wp-content\/uploads\/2025\/08\/laubade2001.png","contentUrl":"https:\/\/leblogaroger.eu\/wp-content\/uploads\/2025\/08\/laubade2001.png","width":1020,"height":600},{"@type":"BreadcrumbList","@id":"https:\/\/leblogaroger.eu\/index.php\/2025\/08\/08\/chateau-de-laubade-2001-90\/#breadcrumb","itemListElement":[{"@type":"ListItem","position":1,"name":"Home","item":"https:\/\/leblogaroger.eu\/"},{"@type":"ListItem","position":2,"name":"Ch\u00e2teau de Laubade 2001 #90"}]},{"@type":"WebSite","@id":"https:\/\/leblogaroger.eu\/#website","url":"https:\/\/leblogaroger.eu\/","name":"","description":"Mundi placet et spiritus minima...","potentialAction":[{"@type":"SearchAction","target":{"@type":"EntryPoint","urlTemplate":"https:\/\/leblogaroger.eu\/?s={search_term_string}"},"query-input":{"@type":"PropertyValueSpecification","valueRequired":true,"valueName":"search_term_string"}}],"inLanguage":"fr-FR"},{"@type":"Person","@id":"https:\/\/leblogaroger.eu\/#\/schema\/person\/bc869e7715118449352dfd48d4d8e59a","name":"Roger","image":{"@type":"ImageObject","inLanguage":"fr-FR","@id":"https:\/\/secure.gravatar.com\/avatar\/d8ea28e5fd25988ff8bc342a98fc2a2e1b597fa211dd6c4071e7699eaef56ddb?s=96&d=mm&r=g","url":"https:\/\/secure.gravatar.com\/avatar\/d8ea28e5fd25988ff8bc342a98fc2a2e1b597fa211dd6c4071e7699eaef56ddb?s=96&d=mm&r=g","contentUrl":"https:\/\/secure.gravatar.com\/avatar\/d8ea28e5fd25988ff8bc342a98fc2a2e1b597fa211dd6c4071e7699eaef56ddb?s=96&d=mm&r=g","caption":"Roger"},"sameAs":["http:\/\/www.leblogaroger.eu","https:\/\/www.facebook.com\/leblogaroger","https:\/\/www.instagram.com\/rogercaroni\/"],"url":"https:\/\/leblogaroger.eu\/index.php\/author\/admin5027\/"}]}},"_links":{"self":[{"href":"https:\/\/leblogaroger.eu\/index.php\/wp-json\/wp\/v2\/posts\/24419","targetHints":{"allow":["GET"]}}],"collection":[{"href":"https:\/\/leblogaroger.eu\/index.php\/wp-json\/wp\/v2\/posts"}],"about":[{"href":"https:\/\/leblogaroger.eu\/index.php\/wp-json\/wp\/v2\/types\/post"}],"author":[{"embeddable":true,"href":"https:\/\/leblogaroger.eu\/index.php\/wp-json\/wp\/v2\/users\/1"}],"replies":[{"embeddable":true,"href":"https:\/\/leblogaroger.eu\/index.php\/wp-json\/wp\/v2\/comments?post=24419"}],"version-history":[{"count":13,"href":"https:\/\/leblogaroger.eu\/index.php\/wp-json\/wp\/v2\/posts\/24419\/revisions"}],"predecessor-version":[{"id":24447,"href":"https:\/\/leblogaroger.eu\/index.php\/wp-json\/wp\/v2\/posts\/24419\/revisions\/24447"}],"wp:featuredmedia":[{"embeddable":true,"href":"https:\/\/leblogaroger.eu\/index.php\/wp-json\/wp\/v2\/media\/24420"}],"wp:attachment":[{"href":"https:\/\/leblogaroger.eu\/index.php\/wp-json\/wp\/v2\/media?parent=24419"}],"wp:term":[{"taxonomy":"category","embeddable":true,"href":"https:\/\/leblogaroger.eu\/index.php\/wp-json\/wp\/v2\/categories?post=24419"},{"taxonomy":"post_tag","embeddable":true,"href":"https:\/\/leblogaroger.eu\/index.php\/wp-json\/wp\/v2\/tags?post=24419"}],"curies":[{"name":"wp","href":"https:\/\/api.w.org\/{rel}","templated":true}]}}