{"id":17363,"date":"2023-04-18T13:05:17","date_gmt":"2023-04-18T11:05:17","guid":{"rendered":"https:\/\/leblogaroger.eu\/?p=17363"},"modified":"2023-04-18T13:07:24","modified_gmt":"2023-04-18T11:07:24","slug":"la-favorite-180em-recolte-juin","status":"publish","type":"post","link":"https:\/\/leblogaroger.eu\/index.php\/2023\/04\/18\/la-favorite-180em-recolte-juin\/","title":{"rendered":"La Favorite \u00ab\u00a0180em r\u00e9colte \u2013 Juin\u00bb"},"content":{"rendered":"\n<p class=\"has-drop-cap wp-block-paragraph\">Fin novembre, je recevais de la part de<a href=\"https:\/\/www.lacompagniedurhum.com\/\" target=\"_blank\" rel=\"noreferrer noopener\"> la compagnie du rhum<\/a> la tr\u00e8s belle \u00ab\u00a0r\u00e9colte d&rsquo;avril\u00a0\u00bb de la distillerie <strong>La Favorite<\/strong> afin de vous proposer un chouette <a href=\"https:\/\/leblogaroger.eu\/index.php\/2022\/11\/26\/la-favorite-180em-recolte-avril\/\" target=\"_blank\" rel=\"noreferrer noopener\">article <\/a>et la faire d\u00e9couvrir \u00e0 des potes. Quel bonheur de recevoir maintenant la \u00ab\u00a0r\u00e9colte de juin\u00a0\u00bb du m\u00eame g\u00e9n\u00e9reux donateur ! Tout tout grand merci encore !<\/p>\n\n\n\n<p class=\"wp-block-paragraph\">C&rsquo;est donc avec un plaisir non dissimul\u00e9 que je me planche d\u00e8s \u00e0 pr\u00e9sent sur la d\u00e9gustation de la 4em it\u00e9ration de cette s\u00e9rie qui comprennait les r\u00e9coltes de mars-avril-mai &amp; juin afin de f\u00eater les 180 ans de cette chouette distillerie familiale !<\/p>\n\n\n\n<p class=\"wp-block-paragraph\">Titrant 56% d&rsquo;alcool, cette version a \u00e9t\u00e9 mise en bouteille en novembre 2022 et est aussi limit\u00e9e que la version d&rsquo;avril, \u00e0 savoir 5000 bouteilles de 70cl toutes cir\u00e9es et num\u00e9rot\u00e9es \u00e0 la main.<\/p>\n\n\n\n<div class=\"wp-block-cover is-light\"><span aria-hidden=\"true\" class=\"wp-block-cover__background has-background-dim\"><\/span><img loading=\"lazy\" decoding=\"async\" width=\"2560\" height=\"1920\" class=\"wp-block-cover__image-background wp-image-17365\" alt=\"\" src=\"https:\/\/leblogaroger.eu\/wp-content\/uploads\/2023\/04\/PXL_20230418_072231754-scaled.jpg\" data-object-fit=\"cover\" srcset=\"https:\/\/leblogaroger.eu\/wp-content\/uploads\/2023\/04\/PXL_20230418_072231754-scaled.jpg 2560w, https:\/\/leblogaroger.eu\/wp-content\/uploads\/2023\/04\/PXL_20230418_072231754-595x446.jpg 595w, https:\/\/leblogaroger.eu\/wp-content\/uploads\/2023\/04\/PXL_20230418_072231754-960x720.jpg 960w, https:\/\/leblogaroger.eu\/wp-content\/uploads\/2023\/04\/PXL_20230418_072231754-768x576.jpg 768w, https:\/\/leblogaroger.eu\/wp-content\/uploads\/2023\/04\/PXL_20230418_072231754-1536x1152.jpg 1536w, https:\/\/leblogaroger.eu\/wp-content\/uploads\/2023\/04\/PXL_20230418_072231754-2048x1536.jpg 2048w, https:\/\/leblogaroger.eu\/wp-content\/uploads\/2023\/04\/PXL_20230418_072231754-80x60.jpg 80w\" sizes=\"auto, (max-width: 2560px) 100vw, 2560px\" \/><div class=\"wp-block-cover__inner-container is-layout-constrained wp-block-cover-is-layout-constrained\">\n<p class=\"has-text-align-center has-large-font-size wp-block-paragraph\"><\/p>\n<\/div><\/div>\n\n\n\n<h4 class=\"wp-block-heading\">Nez<\/h4>\n\n\n\n<p class=\"wp-block-paragraph\">On retrouve un c\u00f4t\u00e9 encore plus suave que la version d&rsquo;avril, comme dans ma souvenir lors du <a href=\"https:\/\/leblogaroger.eu\/index.php\/2022\/10\/11\/salon-du-rhum-2022\/\" target=\"_blank\" rel=\"noreferrer noopener\">salon du rum de Spa<\/a>. L&rsquo;impression de rondeur est vraiment en avant un \u00e9l\u00e9gant miel m\u00eal\u00e9 \u00e0 des ar\u00f4mes de fleurs jaunes, de cannes fraiches, un l\u00e9ger poivre blanc, r\u00e9glisse, agrumes avec le citron vert en force et un fin voile menthol\u00e9.<\/p>\n\n\n\n<p class=\"wp-block-paragraph\">Un nez tr\u00e8s frais, agr\u00e9able et qui semble \u00eatre un ti-punch pr\u00eat \u00e0 l&#8217;emploi tant cette rondeur et ses ar\u00f4mes d&rsquo;agrumes nous rappellent la fameuse institution !<\/p>\n\n\n\n<p class=\"wp-block-paragraph\">Nez relativement cract\u00e9ristique de ce que la distillerie peut nous offrir, en gros c&rsquo;est tr\u00e8s bien mais avec la gourmandise en plus !<\/p>\n\n\n\n<h4 class=\"wp-block-heading\">Bouche<\/h4>\n\n\n\n<p class=\"wp-block-paragraph\">Le rhum est bien gras, tr\u00e8s rond et les 56% sont vraiment tr\u00e8s bien int\u00e9gr\u00e9s \u00e0 l&rsquo;ensemble.<\/p>\n\n\n\n<p class=\"wp-block-paragraph\">Ce miel l\u00e9g\u00e8rement poivr\u00e9 que nous retrouvions au nez et toujours bien pr\u00e9sent avec son lot d&rsquo;agrumes, de fruits secs, de r\u00e9glisse, de canne fraiche et un tout l\u00e9ger c\u00f4t\u00e9 m\u00e9tallique.<\/p>\n\n\n\n<p class=\"wp-block-paragraph\">Le ti punch avec ce rhum se r\u00e9v\u00e8le d&rsquo;une douceur crasse, il va falloir se m\u00e9fier car il y a quand m\u00eame 56% d&rsquo;alcool l\u00e0 dedans, mais \u00e7a se boit sans aucune grimace \ud83d\ude42<\/p>\n\n\n\n<h4 class=\"wp-block-heading\">Prix<\/h4>\n\n\n\n<p class=\"wp-block-paragraph\">52\u20ac<\/p>\n\n\n\n<h4 class=\"wp-block-heading\">Conclusion<\/h4>\n\n\n\n<p class=\"wp-block-paragraph\">Quelle belle fa\u00e7on de conclure cette s\u00e9rie pour f\u00eater les 180 ans de l&rsquo;illustre distillerie familiale ! Alors oui, ce n&rsquo;est effectivement pas donn\u00e9 pour un rhum blanc, mais c&rsquo;est malheureusement dans la mouvance actuelle des produits plus \u00ab\u00a0premium\u00a0\u00bb&#8230;<\/p>\n\n\n\n<p class=\"wp-block-paragraph\">Au moins, il y a 70 cl et tout est fait \u00e0 la main&#8230; de la d\u00e9coupe des cannes \u00e0 l&#8217;embouteillages et cirage, on se consolera donc un peu en pensant \u00e0 \u00e7a \ud83d\ude42<\/p>\n\n\n\n<p class=\"wp-block-paragraph\">Encore une grand merci \u00e0 <a href=\"https:\/\/www.lacompagniedurhum.com\/\" target=\"_blank\" rel=\"noreferrer noopener\">la compagnie du rhum<\/a> pour avoir rendu cet article possible !<\/p>\n\n\n\n<h4 class=\"wp-block-heading\">Notes<\/h4>\n\n\n\n<p class=\"wp-block-paragraph\">Score : 88\/100<\/p>\n\n\n\n<p class=\"wp-block-paragraph\">Rapport qualit\u00e9\/prix : 86\/100<\/p>\n","protected":false},"excerpt":{"rendered":"<p>Fin novembre, je recevais de la part de la compagnie du rhum la tr\u00e8s belle \u00ab\u00a0r\u00e9colte d&rsquo;avril\u00a0\u00bb de la distillerie La Favorite afin de vous proposer un chouette article et la faire d\u00e9couvrir \u00e0 des potes. Quel bonheur de recevoir maintenant la \u00ab\u00a0r\u00e9colte de juin\u00a0\u00bb du m\u00eame g\u00e9n\u00e9reux donateur ! <a href=\"https:\/\/leblogaroger.eu\/index.php\/2023\/04\/18\/la-favorite-180em-recolte-juin\/\" class=\"btn btn-link continue-link\">Voir plus&#8230;<\/a><\/p>\n","protected":false},"author":1,"featured_media":17364,"comment_status":"open","ping_status":"open","sticky":false,"template":"","format":"standard","meta":{"_crdt_document":"","footnotes":""},"categories":[4],"tags":[122,19,16],"class_list":["post-17363","post","type-post","status-publish","format-standard","has-post-thumbnail","hentry","category-rhum","tag-fruits","tag-martinique","tag-rhum-agricole"],"yoast_head":"<!-- This site is optimized with the Yoast SEO plugin v27.4 - https:\/\/yoast.com\/product\/yoast-seo-wordpress\/ -->\n<title>La Favorite \u00ab\u00a0180em r\u00e9colte \u2013 Juin\u00bb -<\/title>\n<meta name=\"description\" content=\"D\u00e9gustation de la 4em it\u00e9ration de la s\u00e9rie de blancs pour le 180em anniversaire de la distillerie La Favorite en Martinique.\" \/>\n<meta name=\"robots\" content=\"index, follow, max-snippet:-1, max-image-preview:large, max-video-preview:-1\" \/>\n<link rel=\"canonical\" href=\"https:\/\/leblogaroger.eu\/index.php\/2023\/04\/18\/la-favorite-180em-recolte-juin\/\" \/>\n<meta property=\"og:locale\" content=\"fr_FR\" \/>\n<meta property=\"og:type\" content=\"article\" \/>\n<meta property=\"og:title\" content=\"La Favorite \u00ab\u00a0180em r\u00e9colte \u2013 Juin\u00bb -\" \/>\n<meta property=\"og:description\" content=\"D\u00e9gustation de la 4em it\u00e9ration de la s\u00e9rie de blancs pour le 180em anniversaire de la distillerie La Favorite en Martinique.\" \/>\n<meta property=\"og:url\" content=\"https:\/\/leblogaroger.eu\/index.php\/2023\/04\/18\/la-favorite-180em-recolte-juin\/\" \/>\n<meta property=\"article:publisher\" content=\"https:\/\/www.facebook.com\/leblogaroger\/\" \/>\n<meta property=\"article:author\" content=\"https:\/\/www.facebook.com\/leblogaroger\" \/>\n<meta property=\"article:published_time\" content=\"2023-04-18T11:05:17+00:00\" \/>\n<meta property=\"article:modified_time\" content=\"2023-04-18T11:07:24+00:00\" \/>\n<meta property=\"og:image\" content=\"https:\/\/leblogaroger.eu\/wp-content\/uploads\/2023\/04\/favJuin.png\" \/>\n\t<meta property=\"og:image:width\" content=\"1020\" \/>\n\t<meta property=\"og:image:height\" content=\"600\" \/>\n\t<meta property=\"og:image:type\" content=\"image\/png\" \/>\n<meta name=\"author\" content=\"Roger\" \/>\n<meta name=\"twitter:card\" content=\"summary_large_image\" \/>\n<meta name=\"twitter:label1\" content=\"\u00c9crit par\" \/>\n\t<meta name=\"twitter:data1\" content=\"Roger\" \/>\n\t<meta name=\"twitter:label2\" content=\"Dur\u00e9e de lecture estim\u00e9e\" \/>\n\t<meta name=\"twitter:data2\" content=\"3 minutes\" \/>\n<script type=\"application\/ld+json\" class=\"yoast-schema-graph\">{\"@context\":\"https:\\\/\\\/schema.org\",\"@graph\":[{\"@type\":\"Article\",\"@id\":\"https:\\\/\\\/leblogaroger.eu\\\/index.php\\\/2023\\\/04\\\/18\\\/la-favorite-180em-recolte-juin\\\/#article\",\"isPartOf\":{\"@id\":\"https:\\\/\\\/leblogaroger.eu\\\/index.php\\\/2023\\\/04\\\/18\\\/la-favorite-180em-recolte-juin\\\/\"},\"author\":{\"name\":\"Roger\",\"@id\":\"https:\\\/\\\/leblogaroger.eu\\\/#\\\/schema\\\/person\\\/bc869e7715118449352dfd48d4d8e59a\"},\"headline\":\"La Favorite \u00ab\u00a0180em r\u00e9colte \u2013 Juin\u00bb\",\"datePublished\":\"2023-04-18T11:05:17+00:00\",\"dateModified\":\"2023-04-18T11:07:24+00:00\",\"mainEntityOfPage\":{\"@id\":\"https:\\\/\\\/leblogaroger.eu\\\/index.php\\\/2023\\\/04\\\/18\\\/la-favorite-180em-recolte-juin\\\/\"},\"wordCount\":467,\"commentCount\":1,\"image\":{\"@id\":\"https:\\\/\\\/leblogaroger.eu\\\/index.php\\\/2023\\\/04\\\/18\\\/la-favorite-180em-recolte-juin\\\/#primaryimage\"},\"thumbnailUrl\":\"https:\\\/\\\/leblogaroger.eu\\\/wp-content\\\/uploads\\\/2023\\\/04\\\/favJuin.png\",\"keywords\":[\"fruits\",\"Martinique\",\"rhum agricole\"],\"articleSection\":[\"Rhum\"],\"inLanguage\":\"fr-FR\",\"potentialAction\":[{\"@type\":\"CommentAction\",\"name\":\"Comment\",\"target\":[\"https:\\\/\\\/leblogaroger.eu\\\/index.php\\\/2023\\\/04\\\/18\\\/la-favorite-180em-recolte-juin\\\/#respond\"]}]},{\"@type\":\"WebPage\",\"@id\":\"https:\\\/\\\/leblogaroger.eu\\\/index.php\\\/2023\\\/04\\\/18\\\/la-favorite-180em-recolte-juin\\\/\",\"url\":\"https:\\\/\\\/leblogaroger.eu\\\/index.php\\\/2023\\\/04\\\/18\\\/la-favorite-180em-recolte-juin\\\/\",\"name\":\"La Favorite \u00ab\u00a0180em r\u00e9colte \u2013 Juin\u00bb -\",\"isPartOf\":{\"@id\":\"https:\\\/\\\/leblogaroger.eu\\\/#website\"},\"primaryImageOfPage\":{\"@id\":\"https:\\\/\\\/leblogaroger.eu\\\/index.php\\\/2023\\\/04\\\/18\\\/la-favorite-180em-recolte-juin\\\/#primaryimage\"},\"image\":{\"@id\":\"https:\\\/\\\/leblogaroger.eu\\\/index.php\\\/2023\\\/04\\\/18\\\/la-favorite-180em-recolte-juin\\\/#primaryimage\"},\"thumbnailUrl\":\"https:\\\/\\\/leblogaroger.eu\\\/wp-content\\\/uploads\\\/2023\\\/04\\\/favJuin.png\",\"datePublished\":\"2023-04-18T11:05:17+00:00\",\"dateModified\":\"2023-04-18T11:07:24+00:00\",\"author\":{\"@id\":\"https:\\\/\\\/leblogaroger.eu\\\/#\\\/schema\\\/person\\\/bc869e7715118449352dfd48d4d8e59a\"},\"description\":\"D\u00e9gustation de la 4em it\u00e9ration de la s\u00e9rie de blancs pour le 180em anniversaire de la distillerie La Favorite en Martinique.\",\"breadcrumb\":{\"@id\":\"https:\\\/\\\/leblogaroger.eu\\\/index.php\\\/2023\\\/04\\\/18\\\/la-favorite-180em-recolte-juin\\\/#breadcrumb\"},\"inLanguage\":\"fr-FR\",\"potentialAction\":[{\"@type\":\"ReadAction\",\"target\":[\"https:\\\/\\\/leblogaroger.eu\\\/index.php\\\/2023\\\/04\\\/18\\\/la-favorite-180em-recolte-juin\\\/\"]}]},{\"@type\":\"ImageObject\",\"inLanguage\":\"fr-FR\",\"@id\":\"https:\\\/\\\/leblogaroger.eu\\\/index.php\\\/2023\\\/04\\\/18\\\/la-favorite-180em-recolte-juin\\\/#primaryimage\",\"url\":\"https:\\\/\\\/leblogaroger.eu\\\/wp-content\\\/uploads\\\/2023\\\/04\\\/favJuin.png\",\"contentUrl\":\"https:\\\/\\\/leblogaroger.eu\\\/wp-content\\\/uploads\\\/2023\\\/04\\\/favJuin.png\",\"width\":1020,\"height\":600},{\"@type\":\"BreadcrumbList\",\"@id\":\"https:\\\/\\\/leblogaroger.eu\\\/index.php\\\/2023\\\/04\\\/18\\\/la-favorite-180em-recolte-juin\\\/#breadcrumb\",\"itemListElement\":[{\"@type\":\"ListItem\",\"position\":1,\"name\":\"Home\",\"item\":\"https:\\\/\\\/leblogaroger.eu\\\/\"},{\"@type\":\"ListItem\",\"position\":2,\"name\":\"La Favorite \u00ab\u00a0180em r\u00e9colte \u2013 Juin\u00bb\"}]},{\"@type\":\"WebSite\",\"@id\":\"https:\\\/\\\/leblogaroger.eu\\\/#website\",\"url\":\"https:\\\/\\\/leblogaroger.eu\\\/\",\"name\":\"\",\"description\":\"Mundi placet et spiritus minima...\",\"potentialAction\":[{\"@type\":\"SearchAction\",\"target\":{\"@type\":\"EntryPoint\",\"urlTemplate\":\"https:\\\/\\\/leblogaroger.eu\\\/?s={search_term_string}\"},\"query-input\":{\"@type\":\"PropertyValueSpecification\",\"valueRequired\":true,\"valueName\":\"search_term_string\"}}],\"inLanguage\":\"fr-FR\"},{\"@type\":\"Person\",\"@id\":\"https:\\\/\\\/leblogaroger.eu\\\/#\\\/schema\\\/person\\\/bc869e7715118449352dfd48d4d8e59a\",\"name\":\"Roger\",\"image\":{\"@type\":\"ImageObject\",\"inLanguage\":\"fr-FR\",\"@id\":\"https:\\\/\\\/secure.gravatar.com\\\/avatar\\\/d8ea28e5fd25988ff8bc342a98fc2a2e1b597fa211dd6c4071e7699eaef56ddb?s=96&d=mm&r=g\",\"url\":\"https:\\\/\\\/secure.gravatar.com\\\/avatar\\\/d8ea28e5fd25988ff8bc342a98fc2a2e1b597fa211dd6c4071e7699eaef56ddb?s=96&d=mm&r=g\",\"contentUrl\":\"https:\\\/\\\/secure.gravatar.com\\\/avatar\\\/d8ea28e5fd25988ff8bc342a98fc2a2e1b597fa211dd6c4071e7699eaef56ddb?s=96&d=mm&r=g\",\"caption\":\"Roger\"},\"sameAs\":[\"http:\\\/\\\/www.leblogaroger.eu\",\"https:\\\/\\\/www.facebook.com\\\/leblogaroger\",\"https:\\\/\\\/www.instagram.com\\\/rogercaroni\\\/\"],\"url\":\"https:\\\/\\\/leblogaroger.eu\\\/index.php\\\/author\\\/admin5027\\\/\"}]}<\/script>\n<!-- \/ Yoast SEO plugin. -->","yoast_head_json":{"title":"La Favorite \u00ab\u00a0180em r\u00e9colte \u2013 Juin\u00bb -","description":"D\u00e9gustation de la 4em it\u00e9ration de la s\u00e9rie de blancs pour le 180em anniversaire de la distillerie La Favorite en Martinique.","robots":{"index":"index","follow":"follow","max-snippet":"max-snippet:-1","max-image-preview":"max-image-preview:large","max-video-preview":"max-video-preview:-1"},"canonical":"https:\/\/leblogaroger.eu\/index.php\/2023\/04\/18\/la-favorite-180em-recolte-juin\/","og_locale":"fr_FR","og_type":"article","og_title":"La Favorite \u00ab\u00a0180em r\u00e9colte \u2013 Juin\u00bb -","og_description":"D\u00e9gustation de la 4em it\u00e9ration de la s\u00e9rie de blancs pour le 180em anniversaire de la distillerie La Favorite en Martinique.","og_url":"https:\/\/leblogaroger.eu\/index.php\/2023\/04\/18\/la-favorite-180em-recolte-juin\/","article_publisher":"https:\/\/www.facebook.com\/leblogaroger\/","article_author":"https:\/\/www.facebook.com\/leblogaroger","article_published_time":"2023-04-18T11:05:17+00:00","article_modified_time":"2023-04-18T11:07:24+00:00","og_image":[{"width":1020,"height":600,"url":"https:\/\/leblogaroger.eu\/wp-content\/uploads\/2023\/04\/favJuin.png","type":"image\/png"}],"author":"Roger","twitter_card":"summary_large_image","twitter_misc":{"\u00c9crit par":"Roger","Dur\u00e9e de lecture estim\u00e9e":"3 minutes"},"schema":{"@context":"https:\/\/schema.org","@graph":[{"@type":"Article","@id":"https:\/\/leblogaroger.eu\/index.php\/2023\/04\/18\/la-favorite-180em-recolte-juin\/#article","isPartOf":{"@id":"https:\/\/leblogaroger.eu\/index.php\/2023\/04\/18\/la-favorite-180em-recolte-juin\/"},"author":{"name":"Roger","@id":"https:\/\/leblogaroger.eu\/#\/schema\/person\/bc869e7715118449352dfd48d4d8e59a"},"headline":"La Favorite \u00ab\u00a0180em r\u00e9colte \u2013 Juin\u00bb","datePublished":"2023-04-18T11:05:17+00:00","dateModified":"2023-04-18T11:07:24+00:00","mainEntityOfPage":{"@id":"https:\/\/leblogaroger.eu\/index.php\/2023\/04\/18\/la-favorite-180em-recolte-juin\/"},"wordCount":467,"commentCount":1,"image":{"@id":"https:\/\/leblogaroger.eu\/index.php\/2023\/04\/18\/la-favorite-180em-recolte-juin\/#primaryimage"},"thumbnailUrl":"https:\/\/leblogaroger.eu\/wp-content\/uploads\/2023\/04\/favJuin.png","keywords":["fruits","Martinique","rhum agricole"],"articleSection":["Rhum"],"inLanguage":"fr-FR","potentialAction":[{"@type":"CommentAction","name":"Comment","target":["https:\/\/leblogaroger.eu\/index.php\/2023\/04\/18\/la-favorite-180em-recolte-juin\/#respond"]}]},{"@type":"WebPage","@id":"https:\/\/leblogaroger.eu\/index.php\/2023\/04\/18\/la-favorite-180em-recolte-juin\/","url":"https:\/\/leblogaroger.eu\/index.php\/2023\/04\/18\/la-favorite-180em-recolte-juin\/","name":"La Favorite \u00ab\u00a0180em r\u00e9colte \u2013 Juin\u00bb -","isPartOf":{"@id":"https:\/\/leblogaroger.eu\/#website"},"primaryImageOfPage":{"@id":"https:\/\/leblogaroger.eu\/index.php\/2023\/04\/18\/la-favorite-180em-recolte-juin\/#primaryimage"},"image":{"@id":"https:\/\/leblogaroger.eu\/index.php\/2023\/04\/18\/la-favorite-180em-recolte-juin\/#primaryimage"},"thumbnailUrl":"https:\/\/leblogaroger.eu\/wp-content\/uploads\/2023\/04\/favJuin.png","datePublished":"2023-04-18T11:05:17+00:00","dateModified":"2023-04-18T11:07:24+00:00","author":{"@id":"https:\/\/leblogaroger.eu\/#\/schema\/person\/bc869e7715118449352dfd48d4d8e59a"},"description":"D\u00e9gustation de la 4em it\u00e9ration de la s\u00e9rie de blancs pour le 180em anniversaire de la distillerie La Favorite en Martinique.","breadcrumb":{"@id":"https:\/\/leblogaroger.eu\/index.php\/2023\/04\/18\/la-favorite-180em-recolte-juin\/#breadcrumb"},"inLanguage":"fr-FR","potentialAction":[{"@type":"ReadAction","target":["https:\/\/leblogaroger.eu\/index.php\/2023\/04\/18\/la-favorite-180em-recolte-juin\/"]}]},{"@type":"ImageObject","inLanguage":"fr-FR","@id":"https:\/\/leblogaroger.eu\/index.php\/2023\/04\/18\/la-favorite-180em-recolte-juin\/#primaryimage","url":"https:\/\/leblogaroger.eu\/wp-content\/uploads\/2023\/04\/favJuin.png","contentUrl":"https:\/\/leblogaroger.eu\/wp-content\/uploads\/2023\/04\/favJuin.png","width":1020,"height":600},{"@type":"BreadcrumbList","@id":"https:\/\/leblogaroger.eu\/index.php\/2023\/04\/18\/la-favorite-180em-recolte-juin\/#breadcrumb","itemListElement":[{"@type":"ListItem","position":1,"name":"Home","item":"https:\/\/leblogaroger.eu\/"},{"@type":"ListItem","position":2,"name":"La Favorite \u00ab\u00a0180em r\u00e9colte \u2013 Juin\u00bb"}]},{"@type":"WebSite","@id":"https:\/\/leblogaroger.eu\/#website","url":"https:\/\/leblogaroger.eu\/","name":"","description":"Mundi placet et spiritus minima...","potentialAction":[{"@type":"SearchAction","target":{"@type":"EntryPoint","urlTemplate":"https:\/\/leblogaroger.eu\/?s={search_term_string}"},"query-input":{"@type":"PropertyValueSpecification","valueRequired":true,"valueName":"search_term_string"}}],"inLanguage":"fr-FR"},{"@type":"Person","@id":"https:\/\/leblogaroger.eu\/#\/schema\/person\/bc869e7715118449352dfd48d4d8e59a","name":"Roger","image":{"@type":"ImageObject","inLanguage":"fr-FR","@id":"https:\/\/secure.gravatar.com\/avatar\/d8ea28e5fd25988ff8bc342a98fc2a2e1b597fa211dd6c4071e7699eaef56ddb?s=96&d=mm&r=g","url":"https:\/\/secure.gravatar.com\/avatar\/d8ea28e5fd25988ff8bc342a98fc2a2e1b597fa211dd6c4071e7699eaef56ddb?s=96&d=mm&r=g","contentUrl":"https:\/\/secure.gravatar.com\/avatar\/d8ea28e5fd25988ff8bc342a98fc2a2e1b597fa211dd6c4071e7699eaef56ddb?s=96&d=mm&r=g","caption":"Roger"},"sameAs":["http:\/\/www.leblogaroger.eu","https:\/\/www.facebook.com\/leblogaroger","https:\/\/www.instagram.com\/rogercaroni\/"],"url":"https:\/\/leblogaroger.eu\/index.php\/author\/admin5027\/"}]}},"_links":{"self":[{"href":"https:\/\/leblogaroger.eu\/index.php\/wp-json\/wp\/v2\/posts\/17363","targetHints":{"allow":["GET"]}}],"collection":[{"href":"https:\/\/leblogaroger.eu\/index.php\/wp-json\/wp\/v2\/posts"}],"about":[{"href":"https:\/\/leblogaroger.eu\/index.php\/wp-json\/wp\/v2\/types\/post"}],"author":[{"embeddable":true,"href":"https:\/\/leblogaroger.eu\/index.php\/wp-json\/wp\/v2\/users\/1"}],"replies":[{"embeddable":true,"href":"https:\/\/leblogaroger.eu\/index.php\/wp-json\/wp\/v2\/comments?post=17363"}],"version-history":[{"count":14,"href":"https:\/\/leblogaroger.eu\/index.php\/wp-json\/wp\/v2\/posts\/17363\/revisions"}],"predecessor-version":[{"id":17379,"href":"https:\/\/leblogaroger.eu\/index.php\/wp-json\/wp\/v2\/posts\/17363\/revisions\/17379"}],"wp:featuredmedia":[{"embeddable":true,"href":"https:\/\/leblogaroger.eu\/index.php\/wp-json\/wp\/v2\/media\/17364"}],"wp:attachment":[{"href":"https:\/\/leblogaroger.eu\/index.php\/wp-json\/wp\/v2\/media?parent=17363"}],"wp:term":[{"taxonomy":"category","embeddable":true,"href":"https:\/\/leblogaroger.eu\/index.php\/wp-json\/wp\/v2\/categories?post=17363"},{"taxonomy":"post_tag","embeddable":true,"href":"https:\/\/leblogaroger.eu\/index.php\/wp-json\/wp\/v2\/tags?post=17363"}],"curies":[{"name":"wp","href":"https:\/\/api.w.org\/{rel}","templated":true}]}}