{"id":11441,"date":"2020-06-07T14:59:41","date_gmt":"2020-06-07T12:59:41","guid":{"rendered":"http:\/\/leblogaroger.eu\/?p=11441"},"modified":"2020-06-07T17:43:18","modified_gmt":"2020-06-07T15:43:18","slug":"la-favorite-brut-2-colonnes","status":"publish","type":"post","link":"https:\/\/leblogaroger.eu\/index.php\/2020\/06\/07\/la-favorite-brut-2-colonnes\/","title":{"rendered":"La Favorite Brut 2 Colonnes"},"content":{"rendered":"\n<p class=\"has-drop-cap wp-block-paragraph\">La mode des bruts de colonne, initi\u00e9 par <strong>Neisson <\/strong>et son superbe \u00ab\u00a0l&rsquo;esprit\u00a0\u00bb, fait pas mal d&rsquo;\u00e9mules dans le monde du rhum depuis quelques ann\u00e9es avec entre autres Longueteau et son \u00ab\u00a0genesis\u00a0\u00bb, A1710 et \u00ab\u00a0la perle brute\u00a0\u00bb, Dillon, Bielle, Bologne et Montebello &#8230; j&rsquo;en oublie probablement, notamment chez les embouteilleurs ind\u00e9pendants.<\/p>\n\n\n\n<p class=\"wp-block-paragraph\">Pour le meilleur et parfois pour le moins bon, cette nouvelle cat\u00e9gorie n&rsquo;en reste pas moins un secteur de niche, o\u00f9 seuls les plus geeks d&rsquo;entre nous osent s&rsquo;y aventurer. D&rsquo;ailleurs, les distilleries l&rsquo;ont bien compris et les volumes sont souvent tr\u00e8s limit\u00e9s. <\/p>\n\n\n\n<p class=\"wp-block-paragraph\">Personnellement, je ne suis pas un \u00e9norme fan de ce genre de produits, m\u00eame si je reconnais que c&rsquo;est souvent tr\u00e8s int\u00e9ressant. Cela reste la forme la plus pure du travail de distillation au final. Mais ce n&rsquo;est clairement pas le genre de quille dans laquelle on va aller piocher instinctivement \u00e0 l&rsquo;heure de l&rsquo;ap\u00e9ro ou du digestif.<\/p>\n\n\n\n<p class=\"wp-block-paragraph\">Du coup, quand la distillerie <strong>La Favorite<\/strong> nous annonce l&rsquo;ann\u00e9e pass\u00e9e qu&rsquo;elle va mettre sur le march\u00e9 un brut de colonne, j&rsquo;avoue ne pas avoir \u00e9t\u00e9 transcend\u00e9 par la nouvelle. Je savais que je l\u2019ach\u00e8terais, mais cela juste car j&rsquo;aime beaucoup les produits de cette sympathique et authentique distillerie familiale.<\/p>\n\n\n\n<p class=\"wp-block-paragraph\">Et \u00e0 l&rsquo;annonce de la sortie imminente, deux surprises de tailles ! La premi\u00e8re vient de l&rsquo;\u00e9tiquette, superbement r\u00e9alis\u00e9e par <a rel=\"noreferrer noopener\" href=\"https:\/\/www.facebook.com\/lucas.vallerie\" target=\"_blank\"><strong>Lucas Vallerie<\/strong><\/a> qui est l&rsquo;auteur du magnifique livre \u00ab\u00a0<a rel=\"noreferrer noopener\" href=\"https:\/\/www.la-boite-a-bulles.com\/book\/286\" target=\"_blank\">Cyparis, le prisonnier de Saint Pierre<\/a>\u00ab\u00a0. <\/p>\n\n\n\n<p class=\"wp-block-paragraph\">Deuxi\u00e8me nouvelles, il s&rsquo;agira d&rsquo;un assemblage de jus venant des deux colonnes cr\u00e9oles en place \u00e0 la distillerie&#8230; Nous aurons donc droit \u00e0 un <strong>Brut 2 Colonnes<\/strong> ! <\/p>\n\n\n\n<p class=\"wp-block-paragraph\">Limit\u00e9 \u00e0 <strong>1500 <\/strong>bouteilles, celles ci auront litt\u00e9ralement \u00e9t\u00e9 prises d&rsquo;assaut par les aficionados de la marque&#8230;et par les petits malins qui comptent les revendre. Le soucis est que le prix en m\u00e9tropole \u00e9tait de 79\u20ac, presque que le double de celui \u00e0 la distillerie ! Pas certains que cela se revendra beaucoup plus cher.<\/p>\n\n\n\n<p class=\"wp-block-paragraph\">Distill\u00e9s en avril <strong>2019<\/strong>, ces deux rhums auront donc \u00e9t\u00e9 embouteill\u00e9s en f\u00e9vrier <strong>2020 <\/strong>\u00e0 <strong>73.2%<\/strong> apr\u00e8s un long repos en cuve en inox&#8230; entre temps, en juin 2019, j&rsquo;avais eu le grand plaisir de d\u00e9guster les deux, toujours s\u00e9par\u00e9es pour la petite histoire.<\/p>\n\n\n\n<figure class=\"wp-block-gallery columns-3 is-cropped wp-block-gallery-1 is-layout-flex wp-block-gallery-is-layout-flex\"><ul class=\"blocks-gallery-grid\"><li class=\"blocks-gallery-item\"><figure><a href=\"http:\/\/leblogaroger.eu\/wp-content\/uploads\/2020\/06\/IMG_20190705_090543360.jpg\"><img loading=\"lazy\" decoding=\"async\" width=\"580\" height=\"773\" src=\"http:\/\/leblogaroger.eu\/wp-content\/uploads\/2020\/06\/IMG_20190705_090543360.jpg\" alt=\"\" data-id=\"11448\" data-full-url=\"http:\/\/leblogaroger.eu\/wp-content\/uploads\/2020\/06\/IMG_20190705_090543360.jpg\" data-link=\"http:\/\/leblogaroger.eu\/?attachment_id=11448\" class=\"wp-image-11448\" srcset=\"https:\/\/leblogaroger.eu\/wp-content\/uploads\/2020\/06\/IMG_20190705_090543360.jpg 580w, https:\/\/leblogaroger.eu\/wp-content\/uploads\/2020\/06\/IMG_20190705_090543360-480x640.jpg 480w, https:\/\/leblogaroger.eu\/wp-content\/uploads\/2020\/06\/IMG_20190705_090543360-45x60.jpg 45w\" sizes=\"auto, (max-width: 580px) 100vw, 580px\" \/><\/a><figcaption class=\"blocks-gallery-item__caption\">La colonne en cuivre<\/figcaption><\/figure><\/li><li class=\"blocks-gallery-item\"><figure><a href=\"http:\/\/leblogaroger.eu\/wp-content\/uploads\/2020\/06\/IMG_20190705_090547523.jpg\"><img loading=\"lazy\" decoding=\"async\" width=\"960\" height=\"720\" src=\"http:\/\/leblogaroger.eu\/wp-content\/uploads\/2020\/06\/IMG_20190705_090547523-960x720.jpg\" alt=\"\" data-id=\"11449\" data-full-url=\"http:\/\/leblogaroger.eu\/wp-content\/uploads\/2020\/06\/IMG_20190705_090547523.jpg\" data-link=\"http:\/\/leblogaroger.eu\/?attachment_id=11449\" class=\"wp-image-11449\" srcset=\"https:\/\/leblogaroger.eu\/wp-content\/uploads\/2020\/06\/IMG_20190705_090547523-960x720.jpg 960w, https:\/\/leblogaroger.eu\/wp-content\/uploads\/2020\/06\/IMG_20190705_090547523-595x446.jpg 595w, https:\/\/leblogaroger.eu\/wp-content\/uploads\/2020\/06\/IMG_20190705_090547523-768x576.jpg 768w, https:\/\/leblogaroger.eu\/wp-content\/uploads\/2020\/06\/IMG_20190705_090547523-80x60.jpg 80w, https:\/\/leblogaroger.eu\/wp-content\/uploads\/2020\/06\/IMG_20190705_090547523.jpg 1112w\" sizes=\"auto, (max-width: 960px) 100vw, 960px\" \/><\/a><figcaption class=\"blocks-gallery-item__caption\">La deuxi\u00e8me<\/figcaption><\/figure><\/li><li class=\"blocks-gallery-item\"><figure><a href=\"http:\/\/leblogaroger.eu\/wp-content\/uploads\/2020\/06\/IMG_20190705_105502840.jpg\"><img loading=\"lazy\" decoding=\"async\" width=\"960\" height=\"720\" src=\"http:\/\/leblogaroger.eu\/wp-content\/uploads\/2020\/06\/IMG_20190705_105502840-960x720.jpg\" alt=\"\" data-id=\"11447\" data-full-url=\"http:\/\/leblogaroger.eu\/wp-content\/uploads\/2020\/06\/IMG_20190705_105502840.jpg\" data-link=\"http:\/\/leblogaroger.eu\/?attachment_id=11447\" class=\"wp-image-11447\" srcset=\"https:\/\/leblogaroger.eu\/wp-content\/uploads\/2020\/06\/IMG_20190705_105502840-960x720.jpg 960w, https:\/\/leblogaroger.eu\/wp-content\/uploads\/2020\/06\/IMG_20190705_105502840-595x446.jpg 595w, https:\/\/leblogaroger.eu\/wp-content\/uploads\/2020\/06\/IMG_20190705_105502840-768x576.jpg 768w, https:\/\/leblogaroger.eu\/wp-content\/uploads\/2020\/06\/IMG_20190705_105502840-80x60.jpg 80w, https:\/\/leblogaroger.eu\/wp-content\/uploads\/2020\/06\/IMG_20190705_105502840.jpg 1030w\" sizes=\"auto, (max-width: 960px) 100vw, 960px\" \/><\/a><figcaption class=\"blocks-gallery-item__caption\">Le tasting avec Franck<\/figcaption><\/figure><\/li><\/ul><\/figure>\n\n\n\n<h3 class=\"wp-block-heading\"><span class=\"has-inline-color has-luminous-vivid-amber-color\">Couleur<\/span><\/h3>\n\n\n\n<p class=\"wp-block-paragraph\">C&rsquo;est un rhum blanc, cela tire donc clairement vers le lait fermier&#8230;. je dirais du demi \u00e9cr\u00e9m\u00e9. <\/p>\n\n\n\n<h3 class=\"wp-block-heading\"><span class=\"has-inline-color has-luminous-vivid-amber-color\">Nez<\/span><\/h3>\n\n\n\n<p class=\"wp-block-paragraph\">Gras, \u00e9pais&#8230; on sent clairement un rhum relativement gourmand et doux en regard des 73% de la chose.<\/p>\n\n\n\n<p class=\"wp-block-paragraph\">Le <strong>sirop <\/strong>de sucre de canne enveloppant un belle <strong>mangue <\/strong>poivr\u00e9e, quelques <strong>agrumes<\/strong> dont le citron vert, de la <strong>canne <\/strong>\u00e0 sucre et quelques traces plus <strong>poivr\u00e9es<\/strong> et terreuses.<\/p>\n\n\n\n<p class=\"wp-block-paragraph\">Vraiment un nez tr\u00e8s charmeur et parfum\u00e9, limite <strong>floral <\/strong>par moment mais en aucuns cas agressif. C&rsquo;est vraiment impressionnant et on y resterait des heures !<\/p>\n\n\n\n<h3 class=\"wp-block-heading\"><span class=\"has-inline-color has-luminous-vivid-amber-color\">Bouche<\/span><\/h3>\n\n\n\n<p class=\"wp-block-paragraph\">Face \u00e0 un nez avec de si belles qualit\u00e9s, l&rsquo;envie de d\u00e9guster cela n&rsquo;en est que plus grande&#8230; mais attention, \u00e7a reste un truc costaud \ud83d\ude42<\/p>\n\n\n\n<p class=\"wp-block-paragraph\">Et l\u00e0, effectivement c&rsquo;est vif, <strong>tr\u00e8s vif<\/strong> m\u00eame ! L&rsquo;alcool est bien plus pr\u00e9sent qu&rsquo;au nez mais avec une longue attente, celui ci s&rsquo;efface quand m\u00eame pour nous laisser un distillat relativement gras, toujours sur cette <strong>mangue poivr\u00e9e<\/strong>, ce <strong>sirop <\/strong>et cette impression de gourmandise. <\/p>\n\n\n\n<p class=\"wp-block-paragraph\">Un petit c\u00f4t\u00e9 <strong>m\u00e9tallique <\/strong>vient terminer la d\u00e9gustation, avec une pointe d&rsquo;amertume pas d\u00e9rangeante du tout.<\/p>\n\n\n\n<p class=\"wp-block-paragraph\">Ma premi\u00e8re impression aura \u00e9t\u00e9 marqu\u00e9e par cet alcool trop pr\u00e9sent mais 3 semaines apr\u00e8s l&rsquo;ouverture de la bouteille, je constate que ce rhum aura grandement gagn\u00e9 en <strong>rondeur <\/strong>et en <strong>fruit\u00e9 <\/strong>en fait. <\/p>\n\n\n\n<p class=\"wp-block-paragraph\">J&rsquo;ai beaucoup moins cette impression de piquant en bouche, c&rsquo;est bien plus agr\u00e9able et du coup \u00e7a me r\u00e9concilie avec lui&#8230; car oui, j&rsquo;\u00e9tais clairement un peu d\u00e9\u00e7u lors de ce premier t\u00eate a t\u00eate avec lui \ud83d\ude42<\/p>\n\n\n\n<h3 class=\"wp-block-heading\"><span class=\"has-inline-color has-luminous-vivid-amber-color\">Prix<\/span><\/h3>\n\n\n\n<p class=\"wp-block-paragraph\">69\u20ac (chez nous)<\/p>\n\n\n\n<h3 class=\"wp-block-heading\"><span class=\"has-inline-color has-luminous-vivid-amber-color\">Conclusion<\/span><\/h3>\n\n\n\n<p class=\"wp-block-paragraph\">Que dire de ce La Favorite sinon qu&rsquo;il est <strong>beau <\/strong>et qu&rsquo;il <strong>sent terriblement bon<\/strong>&#8230; ce qui est d\u00e9j\u00e0 tr\u00e8s bien !<\/p>\n\n\n\n<p class=\"wp-block-paragraph\">Le bouche, bien que gagnant \u00e9norm\u00e9ment avec le temps, n&rsquo;est pas vraiment au niveau du nez, mais cela n&rsquo;en reste pas moins un tr\u00e8s beau moment de d\u00e9gustation pure. <\/p>\n\n\n\n<p class=\"wp-block-paragraph\">Pour la petite histoire, ce blanc marche monstrueusement bien en <strong>ti punch<\/strong> aussi&#8230; et, h\u00e9r\u00e9sie (?), avec un gla\u00e7on \ud83d\ude09<\/p>\n\n\n\n<p class=\"wp-block-paragraph\">Dommage pour le prix, c&rsquo;est vraiment pas donn\u00e9 surtout sur notre bon vieux continent !<\/p>\n\n\n\n<h3 class=\"wp-block-heading\"><span class=\"has-inline-color has-luminous-vivid-amber-color\">Note<\/span><\/h3>\n\n\n\n<p class=\"wp-block-paragraph\">85\/100<\/p>\n","protected":false},"excerpt":{"rendered":"<p>La mode des bruts de colonne, initi\u00e9 par Neisson et son superbe \u00ab\u00a0l&rsquo;esprit\u00a0\u00bb, fait pas mal d&rsquo;\u00e9mules dans le monde du rhum depuis quelques ann\u00e9es avec entre autres Longueteau et son \u00ab\u00a0genesis\u00a0\u00bb, A1710 et \u00ab\u00a0la perle brute\u00a0\u00bb, Dillon, Bielle, Bologne et Montebello &#8230; j&rsquo;en oublie probablement, notamment chez les embouteilleurs <a href=\"https:\/\/leblogaroger.eu\/index.php\/2020\/06\/07\/la-favorite-brut-2-colonnes\/\" class=\"btn btn-link continue-link\">Voir plus&#8230;<\/a><\/p>\n","protected":false},"author":1,"featured_media":11442,"comment_status":"open","ping_status":"open","sticky":false,"template":"","format":"standard","meta":{"_crdt_document":"","footnotes":""},"categories":[4],"tags":[7,107,26,19,16],"class_list":["post-11441","post","type-post","status-publish","format-standard","has-post-thumbnail","hentry","category-rhum","tag-agricole","tag-agrumes","tag-la-favorite","tag-martinique","tag-rhum-agricole"],"yoast_head":"<!-- This site is optimized with the Yoast SEO plugin v27.4 - https:\/\/yoast.com\/product\/yoast-seo-wordpress\/ -->\n<title>La Favorite Brut 2 Colonnes -<\/title>\n<meta name=\"description\" content=\"D\u00e9couverte du dernier rhum blanc de chez La Favorite, un brut de des deux colonnes pr\u00e9sentes \u00e0 la distillerie en Martinique... chouette mais ne pas mettre entre toutes les l\u00e8vres :)\" \/>\n<meta name=\"robots\" content=\"index, follow, max-snippet:-1, max-image-preview:large, max-video-preview:-1\" \/>\n<link rel=\"canonical\" href=\"https:\/\/leblogaroger.eu\/index.php\/2020\/06\/07\/la-favorite-brut-2-colonnes\/\" \/>\n<meta property=\"og:locale\" content=\"fr_FR\" \/>\n<meta property=\"og:type\" content=\"article\" \/>\n<meta property=\"og:title\" content=\"La Favorite Brut 2 Colonnes -\" \/>\n<meta property=\"og:description\" content=\"D\u00e9couverte du dernier rhum blanc de chez La Favorite, un brut de des deux colonnes pr\u00e9sentes \u00e0 la distillerie en Martinique... chouette mais ne pas mettre entre toutes les l\u00e8vres :)\" \/>\n<meta property=\"og:url\" content=\"https:\/\/leblogaroger.eu\/index.php\/2020\/06\/07\/la-favorite-brut-2-colonnes\/\" \/>\n<meta property=\"article:publisher\" content=\"https:\/\/www.facebook.com\/leblogaroger\/\" \/>\n<meta property=\"article:author\" content=\"https:\/\/www.facebook.com\/leblogaroger\" \/>\n<meta property=\"article:published_time\" content=\"2020-06-07T12:59:41+00:00\" \/>\n<meta property=\"article:modified_time\" content=\"2020-06-07T15:43:18+00:00\" \/>\n<meta property=\"og:image\" content=\"https:\/\/leblogaroger.eu\/wp-content\/uploads\/2020\/06\/b2c.png\" \/>\n\t<meta property=\"og:image:width\" content=\"1020\" \/>\n\t<meta property=\"og:image:height\" content=\"600\" \/>\n\t<meta property=\"og:image:type\" content=\"image\/png\" \/>\n<meta name=\"author\" content=\"Roger\" \/>\n<meta name=\"twitter:card\" content=\"summary_large_image\" \/>\n<meta name=\"twitter:label1\" content=\"\u00c9crit par\" \/>\n\t<meta name=\"twitter:data1\" content=\"Roger\" \/>\n\t<meta name=\"twitter:label2\" content=\"Dur\u00e9e de lecture estim\u00e9e\" \/>\n\t<meta name=\"twitter:data2\" content=\"4 minutes\" \/>\n<script type=\"application\/ld+json\" class=\"yoast-schema-graph\">{\"@context\":\"https:\\\/\\\/schema.org\",\"@graph\":[{\"@type\":\"Article\",\"@id\":\"https:\\\/\\\/leblogaroger.eu\\\/index.php\\\/2020\\\/06\\\/07\\\/la-favorite-brut-2-colonnes\\\/#article\",\"isPartOf\":{\"@id\":\"https:\\\/\\\/leblogaroger.eu\\\/index.php\\\/2020\\\/06\\\/07\\\/la-favorite-brut-2-colonnes\\\/\"},\"author\":{\"name\":\"Roger\",\"@id\":\"https:\\\/\\\/leblogaroger.eu\\\/#\\\/schema\\\/person\\\/bc869e7715118449352dfd48d4d8e59a\"},\"headline\":\"La Favorite Brut 2 Colonnes\",\"datePublished\":\"2020-06-07T12:59:41+00:00\",\"dateModified\":\"2020-06-07T15:43:18+00:00\",\"mainEntityOfPage\":{\"@id\":\"https:\\\/\\\/leblogaroger.eu\\\/index.php\\\/2020\\\/06\\\/07\\\/la-favorite-brut-2-colonnes\\\/\"},\"wordCount\":792,\"commentCount\":2,\"image\":{\"@id\":\"https:\\\/\\\/leblogaroger.eu\\\/index.php\\\/2020\\\/06\\\/07\\\/la-favorite-brut-2-colonnes\\\/#primaryimage\"},\"thumbnailUrl\":\"https:\\\/\\\/leblogaroger.eu\\\/wp-content\\\/uploads\\\/2020\\\/06\\\/b2c.png\",\"keywords\":[\"agricole\",\"agrumes\",\"la favorite\",\"Martinique\",\"rhum agricole\"],\"articleSection\":[\"Rhum\"],\"inLanguage\":\"fr-FR\",\"potentialAction\":[{\"@type\":\"CommentAction\",\"name\":\"Comment\",\"target\":[\"https:\\\/\\\/leblogaroger.eu\\\/index.php\\\/2020\\\/06\\\/07\\\/la-favorite-brut-2-colonnes\\\/#respond\"]}]},{\"@type\":\"WebPage\",\"@id\":\"https:\\\/\\\/leblogaroger.eu\\\/index.php\\\/2020\\\/06\\\/07\\\/la-favorite-brut-2-colonnes\\\/\",\"url\":\"https:\\\/\\\/leblogaroger.eu\\\/index.php\\\/2020\\\/06\\\/07\\\/la-favorite-brut-2-colonnes\\\/\",\"name\":\"La Favorite Brut 2 Colonnes -\",\"isPartOf\":{\"@id\":\"https:\\\/\\\/leblogaroger.eu\\\/#website\"},\"primaryImageOfPage\":{\"@id\":\"https:\\\/\\\/leblogaroger.eu\\\/index.php\\\/2020\\\/06\\\/07\\\/la-favorite-brut-2-colonnes\\\/#primaryimage\"},\"image\":{\"@id\":\"https:\\\/\\\/leblogaroger.eu\\\/index.php\\\/2020\\\/06\\\/07\\\/la-favorite-brut-2-colonnes\\\/#primaryimage\"},\"thumbnailUrl\":\"https:\\\/\\\/leblogaroger.eu\\\/wp-content\\\/uploads\\\/2020\\\/06\\\/b2c.png\",\"datePublished\":\"2020-06-07T12:59:41+00:00\",\"dateModified\":\"2020-06-07T15:43:18+00:00\",\"author\":{\"@id\":\"https:\\\/\\\/leblogaroger.eu\\\/#\\\/schema\\\/person\\\/bc869e7715118449352dfd48d4d8e59a\"},\"description\":\"D\u00e9couverte du dernier rhum blanc de chez La Favorite, un brut de des deux colonnes pr\u00e9sentes \u00e0 la distillerie en Martinique... chouette mais ne pas mettre entre toutes les l\u00e8vres :)\",\"breadcrumb\":{\"@id\":\"https:\\\/\\\/leblogaroger.eu\\\/index.php\\\/2020\\\/06\\\/07\\\/la-favorite-brut-2-colonnes\\\/#breadcrumb\"},\"inLanguage\":\"fr-FR\",\"potentialAction\":[{\"@type\":\"ReadAction\",\"target\":[\"https:\\\/\\\/leblogaroger.eu\\\/index.php\\\/2020\\\/06\\\/07\\\/la-favorite-brut-2-colonnes\\\/\"]}]},{\"@type\":\"ImageObject\",\"inLanguage\":\"fr-FR\",\"@id\":\"https:\\\/\\\/leblogaroger.eu\\\/index.php\\\/2020\\\/06\\\/07\\\/la-favorite-brut-2-colonnes\\\/#primaryimage\",\"url\":\"https:\\\/\\\/leblogaroger.eu\\\/wp-content\\\/uploads\\\/2020\\\/06\\\/b2c.png\",\"contentUrl\":\"https:\\\/\\\/leblogaroger.eu\\\/wp-content\\\/uploads\\\/2020\\\/06\\\/b2c.png\",\"width\":1020,\"height\":600},{\"@type\":\"BreadcrumbList\",\"@id\":\"https:\\\/\\\/leblogaroger.eu\\\/index.php\\\/2020\\\/06\\\/07\\\/la-favorite-brut-2-colonnes\\\/#breadcrumb\",\"itemListElement\":[{\"@type\":\"ListItem\",\"position\":1,\"name\":\"Home\",\"item\":\"https:\\\/\\\/leblogaroger.eu\\\/\"},{\"@type\":\"ListItem\",\"position\":2,\"name\":\"La Favorite Brut 2 Colonnes\"}]},{\"@type\":\"WebSite\",\"@id\":\"https:\\\/\\\/leblogaroger.eu\\\/#website\",\"url\":\"https:\\\/\\\/leblogaroger.eu\\\/\",\"name\":\"\",\"description\":\"Mundi placet et spiritus minima...\",\"potentialAction\":[{\"@type\":\"SearchAction\",\"target\":{\"@type\":\"EntryPoint\",\"urlTemplate\":\"https:\\\/\\\/leblogaroger.eu\\\/?s={search_term_string}\"},\"query-input\":{\"@type\":\"PropertyValueSpecification\",\"valueRequired\":true,\"valueName\":\"search_term_string\"}}],\"inLanguage\":\"fr-FR\"},{\"@type\":\"Person\",\"@id\":\"https:\\\/\\\/leblogaroger.eu\\\/#\\\/schema\\\/person\\\/bc869e7715118449352dfd48d4d8e59a\",\"name\":\"Roger\",\"image\":{\"@type\":\"ImageObject\",\"inLanguage\":\"fr-FR\",\"@id\":\"https:\\\/\\\/secure.gravatar.com\\\/avatar\\\/d8ea28e5fd25988ff8bc342a98fc2a2e1b597fa211dd6c4071e7699eaef56ddb?s=96&d=mm&r=g\",\"url\":\"https:\\\/\\\/secure.gravatar.com\\\/avatar\\\/d8ea28e5fd25988ff8bc342a98fc2a2e1b597fa211dd6c4071e7699eaef56ddb?s=96&d=mm&r=g\",\"contentUrl\":\"https:\\\/\\\/secure.gravatar.com\\\/avatar\\\/d8ea28e5fd25988ff8bc342a98fc2a2e1b597fa211dd6c4071e7699eaef56ddb?s=96&d=mm&r=g\",\"caption\":\"Roger\"},\"sameAs\":[\"http:\\\/\\\/www.leblogaroger.eu\",\"https:\\\/\\\/www.facebook.com\\\/leblogaroger\",\"https:\\\/\\\/www.instagram.com\\\/rogercaroni\\\/\"],\"url\":\"https:\\\/\\\/leblogaroger.eu\\\/index.php\\\/author\\\/admin5027\\\/\"}]}<\/script>\n<!-- \/ Yoast SEO plugin. -->","yoast_head_json":{"title":"La Favorite Brut 2 Colonnes -","description":"D\u00e9couverte du dernier rhum blanc de chez La Favorite, un brut de des deux colonnes pr\u00e9sentes \u00e0 la distillerie en Martinique... chouette mais ne pas mettre entre toutes les l\u00e8vres :)","robots":{"index":"index","follow":"follow","max-snippet":"max-snippet:-1","max-image-preview":"max-image-preview:large","max-video-preview":"max-video-preview:-1"},"canonical":"https:\/\/leblogaroger.eu\/index.php\/2020\/06\/07\/la-favorite-brut-2-colonnes\/","og_locale":"fr_FR","og_type":"article","og_title":"La Favorite Brut 2 Colonnes -","og_description":"D\u00e9couverte du dernier rhum blanc de chez La Favorite, un brut de des deux colonnes pr\u00e9sentes \u00e0 la distillerie en Martinique... chouette mais ne pas mettre entre toutes les l\u00e8vres :)","og_url":"https:\/\/leblogaroger.eu\/index.php\/2020\/06\/07\/la-favorite-brut-2-colonnes\/","article_publisher":"https:\/\/www.facebook.com\/leblogaroger\/","article_author":"https:\/\/www.facebook.com\/leblogaroger","article_published_time":"2020-06-07T12:59:41+00:00","article_modified_time":"2020-06-07T15:43:18+00:00","og_image":[{"width":1020,"height":600,"url":"https:\/\/leblogaroger.eu\/wp-content\/uploads\/2020\/06\/b2c.png","type":"image\/png"}],"author":"Roger","twitter_card":"summary_large_image","twitter_misc":{"\u00c9crit par":"Roger","Dur\u00e9e de lecture estim\u00e9e":"4 minutes"},"schema":{"@context":"https:\/\/schema.org","@graph":[{"@type":"Article","@id":"https:\/\/leblogaroger.eu\/index.php\/2020\/06\/07\/la-favorite-brut-2-colonnes\/#article","isPartOf":{"@id":"https:\/\/leblogaroger.eu\/index.php\/2020\/06\/07\/la-favorite-brut-2-colonnes\/"},"author":{"name":"Roger","@id":"https:\/\/leblogaroger.eu\/#\/schema\/person\/bc869e7715118449352dfd48d4d8e59a"},"headline":"La Favorite Brut 2 Colonnes","datePublished":"2020-06-07T12:59:41+00:00","dateModified":"2020-06-07T15:43:18+00:00","mainEntityOfPage":{"@id":"https:\/\/leblogaroger.eu\/index.php\/2020\/06\/07\/la-favorite-brut-2-colonnes\/"},"wordCount":792,"commentCount":2,"image":{"@id":"https:\/\/leblogaroger.eu\/index.php\/2020\/06\/07\/la-favorite-brut-2-colonnes\/#primaryimage"},"thumbnailUrl":"https:\/\/leblogaroger.eu\/wp-content\/uploads\/2020\/06\/b2c.png","keywords":["agricole","agrumes","la favorite","Martinique","rhum agricole"],"articleSection":["Rhum"],"inLanguage":"fr-FR","potentialAction":[{"@type":"CommentAction","name":"Comment","target":["https:\/\/leblogaroger.eu\/index.php\/2020\/06\/07\/la-favorite-brut-2-colonnes\/#respond"]}]},{"@type":"WebPage","@id":"https:\/\/leblogaroger.eu\/index.php\/2020\/06\/07\/la-favorite-brut-2-colonnes\/","url":"https:\/\/leblogaroger.eu\/index.php\/2020\/06\/07\/la-favorite-brut-2-colonnes\/","name":"La Favorite Brut 2 Colonnes -","isPartOf":{"@id":"https:\/\/leblogaroger.eu\/#website"},"primaryImageOfPage":{"@id":"https:\/\/leblogaroger.eu\/index.php\/2020\/06\/07\/la-favorite-brut-2-colonnes\/#primaryimage"},"image":{"@id":"https:\/\/leblogaroger.eu\/index.php\/2020\/06\/07\/la-favorite-brut-2-colonnes\/#primaryimage"},"thumbnailUrl":"https:\/\/leblogaroger.eu\/wp-content\/uploads\/2020\/06\/b2c.png","datePublished":"2020-06-07T12:59:41+00:00","dateModified":"2020-06-07T15:43:18+00:00","author":{"@id":"https:\/\/leblogaroger.eu\/#\/schema\/person\/bc869e7715118449352dfd48d4d8e59a"},"description":"D\u00e9couverte du dernier rhum blanc de chez La Favorite, un brut de des deux colonnes pr\u00e9sentes \u00e0 la distillerie en Martinique... chouette mais ne pas mettre entre toutes les l\u00e8vres :)","breadcrumb":{"@id":"https:\/\/leblogaroger.eu\/index.php\/2020\/06\/07\/la-favorite-brut-2-colonnes\/#breadcrumb"},"inLanguage":"fr-FR","potentialAction":[{"@type":"ReadAction","target":["https:\/\/leblogaroger.eu\/index.php\/2020\/06\/07\/la-favorite-brut-2-colonnes\/"]}]},{"@type":"ImageObject","inLanguage":"fr-FR","@id":"https:\/\/leblogaroger.eu\/index.php\/2020\/06\/07\/la-favorite-brut-2-colonnes\/#primaryimage","url":"https:\/\/leblogaroger.eu\/wp-content\/uploads\/2020\/06\/b2c.png","contentUrl":"https:\/\/leblogaroger.eu\/wp-content\/uploads\/2020\/06\/b2c.png","width":1020,"height":600},{"@type":"BreadcrumbList","@id":"https:\/\/leblogaroger.eu\/index.php\/2020\/06\/07\/la-favorite-brut-2-colonnes\/#breadcrumb","itemListElement":[{"@type":"ListItem","position":1,"name":"Home","item":"https:\/\/leblogaroger.eu\/"},{"@type":"ListItem","position":2,"name":"La Favorite Brut 2 Colonnes"}]},{"@type":"WebSite","@id":"https:\/\/leblogaroger.eu\/#website","url":"https:\/\/leblogaroger.eu\/","name":"","description":"Mundi placet et spiritus minima...","potentialAction":[{"@type":"SearchAction","target":{"@type":"EntryPoint","urlTemplate":"https:\/\/leblogaroger.eu\/?s={search_term_string}"},"query-input":{"@type":"PropertyValueSpecification","valueRequired":true,"valueName":"search_term_string"}}],"inLanguage":"fr-FR"},{"@type":"Person","@id":"https:\/\/leblogaroger.eu\/#\/schema\/person\/bc869e7715118449352dfd48d4d8e59a","name":"Roger","image":{"@type":"ImageObject","inLanguage":"fr-FR","@id":"https:\/\/secure.gravatar.com\/avatar\/d8ea28e5fd25988ff8bc342a98fc2a2e1b597fa211dd6c4071e7699eaef56ddb?s=96&d=mm&r=g","url":"https:\/\/secure.gravatar.com\/avatar\/d8ea28e5fd25988ff8bc342a98fc2a2e1b597fa211dd6c4071e7699eaef56ddb?s=96&d=mm&r=g","contentUrl":"https:\/\/secure.gravatar.com\/avatar\/d8ea28e5fd25988ff8bc342a98fc2a2e1b597fa211dd6c4071e7699eaef56ddb?s=96&d=mm&r=g","caption":"Roger"},"sameAs":["http:\/\/www.leblogaroger.eu","https:\/\/www.facebook.com\/leblogaroger","https:\/\/www.instagram.com\/rogercaroni\/"],"url":"https:\/\/leblogaroger.eu\/index.php\/author\/admin5027\/"}]}},"_links":{"self":[{"href":"https:\/\/leblogaroger.eu\/index.php\/wp-json\/wp\/v2\/posts\/11441","targetHints":{"allow":["GET"]}}],"collection":[{"href":"https:\/\/leblogaroger.eu\/index.php\/wp-json\/wp\/v2\/posts"}],"about":[{"href":"https:\/\/leblogaroger.eu\/index.php\/wp-json\/wp\/v2\/types\/post"}],"author":[{"embeddable":true,"href":"https:\/\/leblogaroger.eu\/index.php\/wp-json\/wp\/v2\/users\/1"}],"replies":[{"embeddable":true,"href":"https:\/\/leblogaroger.eu\/index.php\/wp-json\/wp\/v2\/comments?post=11441"}],"version-history":[{"count":22,"href":"https:\/\/leblogaroger.eu\/index.php\/wp-json\/wp\/v2\/posts\/11441\/revisions"}],"predecessor-version":[{"id":11472,"href":"https:\/\/leblogaroger.eu\/index.php\/wp-json\/wp\/v2\/posts\/11441\/revisions\/11472"}],"wp:featuredmedia":[{"embeddable":true,"href":"https:\/\/leblogaroger.eu\/index.php\/wp-json\/wp\/v2\/media\/11442"}],"wp:attachment":[{"href":"https:\/\/leblogaroger.eu\/index.php\/wp-json\/wp\/v2\/media?parent=11441"}],"wp:term":[{"taxonomy":"category","embeddable":true,"href":"https:\/\/leblogaroger.eu\/index.php\/wp-json\/wp\/v2\/categories?post=11441"},{"taxonomy":"post_tag","embeddable":true,"href":"https:\/\/leblogaroger.eu\/index.php\/wp-json\/wp\/v2\/tags?post=11441"}],"curies":[{"name":"wp","href":"https:\/\/api.w.org\/{rel}","templated":true}]}}